{"id":11665,"date":"2024-11-15T13:35:34","date_gmt":"2024-11-15T12:35:34","guid":{"rendered":"https:\/\/www.pretaportercasas.com\/?p=11665"},"modified":"2025-09-17T17:11:06","modified_gmt":"2025-09-17T15:11:06","slug":"proteccio-gas-rado-habitatges","status":"publish","type":"post","link":"https:\/\/www.pretaportercasas.com\/ca\/gas-rado-proteccio-llars-pret-a-porter-cases\/","title":{"rendered":"Protegir les nostres llars del Gas Rad\u00f3: Un comprom\u00eds de Pr\u00eat-a-porter cases"},"content":{"rendered":"[vc_row type=&#8221;in_container&#8221; full_screen_row_position=&#8221;middle&#8221; column_margin=&#8221;default&#8221; equal_height=&#8221;yes&#8221; content_placement=&#8221;middle&#8221; column_direction=&#8221;default&#8221; column_direction_tablet=&#8221;default&#8221; column_direction_phone=&#8221;default&#8221; scene_position=&#8221;center&#8221; text_color=&#8221;dark&#8221; text_align=&#8221;left&#8221; row_border_radius=&#8221;none&#8221; row_border_radius_applies=&#8221;bg&#8221; overflow=&#8221;visible&#8221; overlay_strength=&#8221;0.3&#8243; gradient_direction=&#8221;left_to_right&#8221; shape_divider_position=&#8221;bottom&#8221; bg_image_animation=&#8221;none&#8221; gradient_type=&#8221;default&#8221; shape_type=&#8221;&#8221;][vc_column column_padding=&#8221;no-extra-padding&#8221; column_padding_tablet=&#8221;inherit&#8221; column_padding_phone=&#8221;inherit&#8221; column_padding_position=&#8221;all&#8221; column_element_direction_desktop=&#8221;default&#8221; column_element_spacing=&#8221;default&#8221; desktop_text_alignment=&#8221;default&#8221; tablet_text_alignment=&#8221;default&#8221; phone_text_alignment=&#8221;default&#8221; background_color_opacity=&#8221;1&#8243; background_hover_color_opacity=&#8221;1&#8243; column_backdrop_filter=&#8221;none&#8221; column_shadow=&#8221;none&#8221; column_border_radius=&#8221;none&#8221; column_link_target=&#8221;_self&#8221; column_position=&#8221;default&#8221; gradient_direction=&#8221;left_to_right&#8221; overlay_strength=&#8221;0.3&#8243; width=&#8221;1\/1&#8243; tablet_width_inherit=&#8221;default&#8221; animation_type=&#8221;default&#8221; bg_image_animation=&#8221;none&#8221; border_type=&#8221;simple&#8221; column_border_width=&#8221;none&#8221; column_border_style=&#8221;solid&#8221;][vc_column_text]\n<div class=\"wpb_text_column wpb_content_element vc_custom_1683878584795\">\n<div class=\"wpb_wrapper\">\n<h2><span data-teams=\"true\"><strong>Protegir les nostres llars del Gas Rad\u00f3: <\/strong><\/span><\/h2>\n<h2><span data-teams=\"true\"><strong>Un comprom\u00eds de Pr\u00eat-a-porter cases<\/strong><\/span><\/h2>\n<\/div>\n<\/div>\n[\/vc_column_text][vc_column_text]\n<div class=\"wpb_text_column wpb_content_element vc_custom_1683878584795\">\n<div class=\"wpb_wrapper\">\n<p>El <strong>gas rad\u00f3<\/strong> \u00e9s un gas invisible, inodor i naturalment present en els nostres s\u00f2ls. Encara que formi part del nostre entorn, la seva pres\u00e8ncia pot convertir-se en un <strong>risc per a la salut<\/strong> quan s&#8217;acumula en espais tancats com ara a la nostra llar. Al <a href=\"https:\/\/www.pretaportercasas.com\/ca\/particulars\/nosaltres\/\"><strong>Grup PMP<\/strong><\/a>, la <strong>seguretat<\/strong> i la <strong>salut<\/strong> dels nostres clients<strong> s\u00f3n una<\/strong> <strong>prioritat<\/strong>.<\/p>\n<p><strong>Hem fet un pas endavant<\/strong> per assegurar-nos que cada edifici que constru\u00efm compleix amb els est\u00e0ndards de seguretat m\u00e9s rigorosos. Per aquest motiu, i com a part del nostre comprom\u00eds, des de l\u2019entrada en vigor del nou<strong> CTE (Reial Decret 732\/2019, de desembre de 2019<\/strong>, que va derivar un nou document de protecci\u00f3 davant el gas rad\u00f3), <strong>cada any duem a terme campanyes de detecci\u00f3 de gas rad\u00f3 a totes les nostres construccions.<\/strong> Aquestes <strong>inspeccions<\/strong>, permeten <strong>monitorar els nivells de gas rad\u00f3 dins les nostres llars, assegurant que es mantinguin dins dels l\u00edmits establerts per la normativa vigent.<\/strong> Aquestes campanyes no nom\u00e9s ofereixen tranquil\u00b7litat, sin\u00f3 que tamb\u00e9 ens permeten implementar <strong>millores constants en les nostres t\u00e8cniques de construcci\u00f3<\/strong> per oferir el m\u00e0xim de <strong>protecci\u00f3<\/strong> <strong>contra<\/strong> aquest <strong>gas<\/strong>.<\/p>\n<p>El <strong>nostre objectiu<\/strong> \u00e9s que cada fam\u00edlia pugui viure amb la tranquil\u00b7litat que mereix. Per aix\u00f2, <strong>continuem apostant per la innovaci\u00f3, la seguretat i la sostenibilitat en tot el que fem.<\/strong><\/p>\n<p>Gr\u00e0cies per la vostra confian\u00e7a!<\/p>\n<p>Seguim treballant per oferir-vos sempre la millor opci\u00f3.<\/p>\n<\/div>\n<\/div>\n[\/vc_column_text][image_with_animation image_url=&#8221;11683&#8243; image_size=&#8221;full&#8221; animation_type=&#8221;entrance&#8221; animation=&#8221;None&#8221; animation_movement_type=&#8221;transform_y&#8221; hover_animation=&#8221;none&#8221; alignment=&#8221;&#8221; border_radius=&#8221;none&#8221; box_shadow=&#8221;none&#8221; image_loading=&#8221;default&#8221; max_width=&#8221;100%&#8221; max_width_mobile=&#8221;default&#8221;][\/vc_column][\/vc_row]\n","protected":false},"excerpt":{"rendered":"<p>El gas rad\u00f3 \u00e9s invisible i sense olor, per\u00f2 pot ser un risc per a la salut dins dels habitatges. A pr\u00eat-\u00e0-porter cases fem campanyes anuals de detecci\u00f3 per garantir la seguretat de totes les fam\u00edlies.<\/p>\n","protected":false},"author":2,"featured_media":11683,"comment_status":"closed","ping_status":"closed","sticky":false,"template":"","format":"standard","meta":{"_acf_changed":false,"footnotes":"","_wp_rev_ctl_limit":""},"categories":[53],"tags":[],"class_list":{"0":"post-11665","1":"post","2":"type-post","3":"status-publish","4":"format-standard","5":"has-post-thumbnail","7":"category-noticies-ca"},"acf":[],"yoast_head":"<!-- This site is optimized with the Yoast SEO plugin v27.3 - https:\/\/yoast.com\/product\/yoast-seo-wordpress\/ -->\n<title>Protecci\u00f3 contra el gas rad\u00f3 en habitatges | pr\u00eat-\u00e0-porter cases Pr\u00eat-\u00e0-porter casas<\/title>\n<meta name=\"description\" content=\"Viure segur \u00e9s viure tranquil. A pr\u00eat-\u00e0-porter cases protegim la teva llar davant el gas rad\u00f3 amb campanyes anuals de detecci\u00f3 i control.\" \/>\n<meta name=\"robots\" content=\"index, follow, max-snippet:-1, max-image-preview:large, max-video-preview:-1\" \/>\n<link rel=\"canonical\" href=\"https:\/\/www.pretaportercasas.com\/ca\/gas-rado-proteccio-llars-pret-a-porter-cases\/\" \/>\n<meta property=\"og:locale\" content=\"ca_ES\" \/>\n<meta property=\"og:type\" content=\"article\" \/>\n<meta property=\"og:title\" content=\"Protecci\u00f3 contra el gas rad\u00f3 en habitatges | pr\u00eat-\u00e0-porter cases Pr\u00eat-\u00e0-porter casas\" \/>\n<meta property=\"og:description\" content=\"Viure segur \u00e9s viure tranquil. A pr\u00eat-\u00e0-porter cases protegim la teva llar davant el gas rad\u00f3 amb campanyes anuals de detecci\u00f3 i control.\" \/>\n<meta property=\"og:url\" content=\"https:\/\/www.pretaportercasas.com\/ca\/gas-rado-proteccio-llars-pret-a-porter-cases\/\" \/>\n<meta property=\"og:site_name\" content=\"Pr\u00eat-\u00e0-porter casas\" \/>\n<meta property=\"article:published_time\" content=\"2024-11-15T12:35:34+00:00\" \/>\n<meta property=\"article:modified_time\" content=\"2025-09-17T15:11:06+00:00\" \/>\n<meta property=\"og:image\" content=\"https:\/\/www.pretaportercasas.com\/wp-content\/uploads\/2024\/11\/Casa-Farigola-_-Rubi-33-1024x683.jpg\" \/>\n\t<meta property=\"og:image:width\" content=\"1024\" \/>\n\t<meta property=\"og:image:height\" content=\"683\" \/>\n\t<meta property=\"og:image:type\" content=\"image\/jpeg\" \/>\n<meta name=\"author\" content=\"Mariona Godino\" \/>\n<meta name=\"twitter:card\" content=\"summary_large_image\" \/>\n<meta name=\"twitter:label1\" content=\"Escrit per\" \/>\n\t<meta name=\"twitter:data1\" content=\"Mariona Godino\" \/>\n\t<meta name=\"twitter:label2\" content=\"Temps estimat de lectura\" \/>\n\t<meta name=\"twitter:data2\" content=\"2 minuts\" \/>\n<script type=\"application\/ld+json\" class=\"yoast-schema-graph\">{\"@context\":\"https:\\\/\\\/schema.org\",\"@graph\":[{\"@type\":\"Article\",\"@id\":\"https:\\\/\\\/www.pretaportercasas.com\\\/ca\\\/gas-rado-proteccio-llars-pret-a-porter-cases\\\/#article\",\"isPartOf\":{\"@id\":\"https:\\\/\\\/www.pretaportercasas.com\\\/ca\\\/gas-rado-proteccio-llars-pret-a-porter-cases\\\/\"},\"author\":{\"name\":\"Mariona Godino\",\"@id\":\"https:\\\/\\\/www.pretaportercasas.com\\\/ca\\\/#\\\/schema\\\/person\\\/c5d26e4eae65a76a8e6e75bfd9075282\"},\"headline\":\"Protegir les nostres llars del Gas Rad\u00f3: Un comprom\u00eds de Pr\u00eat-a-porter cases\",\"datePublished\":\"2024-11-15T12:35:34+00:00\",\"dateModified\":\"2025-09-17T15:11:06+00:00\",\"mainEntityOfPage\":{\"@id\":\"https:\\\/\\\/www.pretaportercasas.com\\\/ca\\\/gas-rado-proteccio-llars-pret-a-porter-cases\\\/\"},\"wordCount\":490,\"image\":{\"@id\":\"https:\\\/\\\/www.pretaportercasas.com\\\/ca\\\/gas-rado-proteccio-llars-pret-a-porter-cases\\\/#primaryimage\"},\"thumbnailUrl\":\"https:\\\/\\\/www.pretaportercasas.com\\\/wp-content\\\/uploads\\\/2024\\\/11\\\/Casa-Farigola-_-Rubi-33.jpg\",\"articleSection\":[\"Not\u00edcies\"],\"inLanguage\":\"ca\"},{\"@type\":\"WebPage\",\"@id\":\"https:\\\/\\\/www.pretaportercasas.com\\\/ca\\\/gas-rado-proteccio-llars-pret-a-porter-cases\\\/\",\"url\":\"https:\\\/\\\/www.pretaportercasas.com\\\/ca\\\/gas-rado-proteccio-llars-pret-a-porter-cases\\\/\",\"name\":\"Protecci\u00f3 contra el gas rad\u00f3 en habitatges | pr\u00eat-\u00e0-porter cases Pr\u00eat-\u00e0-porter casas\",\"isPartOf\":{\"@id\":\"https:\\\/\\\/www.pretaportercasas.com\\\/ca\\\/#website\"},\"primaryImageOfPage\":{\"@id\":\"https:\\\/\\\/www.pretaportercasas.com\\\/ca\\\/gas-rado-proteccio-llars-pret-a-porter-cases\\\/#primaryimage\"},\"image\":{\"@id\":\"https:\\\/\\\/www.pretaportercasas.com\\\/ca\\\/gas-rado-proteccio-llars-pret-a-porter-cases\\\/#primaryimage\"},\"thumbnailUrl\":\"https:\\\/\\\/www.pretaportercasas.com\\\/wp-content\\\/uploads\\\/2024\\\/11\\\/Casa-Farigola-_-Rubi-33.jpg\",\"datePublished\":\"2024-11-15T12:35:34+00:00\",\"dateModified\":\"2025-09-17T15:11:06+00:00\",\"author\":{\"@id\":\"https:\\\/\\\/www.pretaportercasas.com\\\/ca\\\/#\\\/schema\\\/person\\\/c5d26e4eae65a76a8e6e75bfd9075282\"},\"description\":\"Viure segur \u00e9s viure tranquil. A pr\u00eat-\u00e0-porter cases protegim la teva llar davant el gas rad\u00f3 amb campanyes anuals de detecci\u00f3 i control.\",\"breadcrumb\":{\"@id\":\"https:\\\/\\\/www.pretaportercasas.com\\\/ca\\\/gas-rado-proteccio-llars-pret-a-porter-cases\\\/#breadcrumb\"},\"inLanguage\":\"ca\",\"potentialAction\":[{\"@type\":\"ReadAction\",\"target\":[\"https:\\\/\\\/www.pretaportercasas.com\\\/ca\\\/gas-rado-proteccio-llars-pret-a-porter-cases\\\/\"]}]},{\"@type\":\"ImageObject\",\"inLanguage\":\"ca\",\"@id\":\"https:\\\/\\\/www.pretaportercasas.com\\\/ca\\\/gas-rado-proteccio-llars-pret-a-porter-cases\\\/#primaryimage\",\"url\":\"https:\\\/\\\/www.pretaportercasas.com\\\/wp-content\\\/uploads\\\/2024\\\/11\\\/Casa-Farigola-_-Rubi-33.jpg\",\"contentUrl\":\"https:\\\/\\\/www.pretaportercasas.com\\\/wp-content\\\/uploads\\\/2024\\\/11\\\/Casa-Farigola-_-Rubi-33.jpg\",\"width\":4500,\"height\":3000},{\"@type\":\"BreadcrumbList\",\"@id\":\"https:\\\/\\\/www.pretaportercasas.com\\\/ca\\\/gas-rado-proteccio-llars-pret-a-porter-cases\\\/#breadcrumb\",\"itemListElement\":[{\"@type\":\"ListItem\",\"position\":1,\"name\":\"Portada\",\"item\":\"https:\\\/\\\/www.pretaportercasas.com\\\/ca\\\/\"},{\"@type\":\"ListItem\",\"position\":2,\"name\":\"Protegir les nostres llars del Gas Rad\u00f3: Un comprom\u00eds de Pr\u00eat-a-porter cases\"}]},{\"@type\":\"WebSite\",\"@id\":\"https:\\\/\\\/www.pretaportercasas.com\\\/ca\\\/#website\",\"url\":\"https:\\\/\\\/www.pretaportercasas.com\\\/ca\\\/\",\"name\":\"Pr\u00eat-\u00e0-porter casas\",\"description\":\"\",\"potentialAction\":[{\"@type\":\"SearchAction\",\"target\":{\"@type\":\"EntryPoint\",\"urlTemplate\":\"https:\\\/\\\/www.pretaportercasas.com\\\/ca\\\/?s={search_term_string}\"},\"query-input\":{\"@type\":\"PropertyValueSpecification\",\"valueRequired\":true,\"valueName\":\"search_term_string\"}}],\"inLanguage\":\"ca\"},{\"@type\":\"Person\",\"@id\":\"https:\\\/\\\/www.pretaportercasas.com\\\/ca\\\/#\\\/schema\\\/person\\\/c5d26e4eae65a76a8e6e75bfd9075282\",\"name\":\"Mariona Godino\",\"image\":{\"@type\":\"ImageObject\",\"inLanguage\":\"ca\",\"@id\":\"https:\\\/\\\/secure.gravatar.com\\\/avatar\\\/136d5930b27561cc89c6ceac4ec72f3267d82a8c1c4d6af41ed6929aec3eef08?s=96&d=mm&r=g\",\"url\":\"https:\\\/\\\/secure.gravatar.com\\\/avatar\\\/136d5930b27561cc89c6ceac4ec72f3267d82a8c1c4d6af41ed6929aec3eef08?s=96&d=mm&r=g\",\"contentUrl\":\"https:\\\/\\\/secure.gravatar.com\\\/avatar\\\/136d5930b27561cc89c6ceac4ec72f3267d82a8c1c4d6af41ed6929aec3eef08?s=96&d=mm&r=g\",\"caption\":\"Mariona Godino\"},\"url\":\"https:\\\/\\\/www.pretaportercasas.com\\\/ca\\\/author\\\/mariona-godinopmp-pretaporter-com\\\/\"}]}<\/script>\n<!-- \/ Yoast SEO plugin. -->","yoast_head_json":{"title":"Protecci\u00f3 contra el gas rad\u00f3 en habitatges | pr\u00eat-\u00e0-porter cases Pr\u00eat-\u00e0-porter casas","description":"Viure segur \u00e9s viure tranquil. A pr\u00eat-\u00e0-porter cases protegim la teva llar davant el gas rad\u00f3 amb campanyes anuals de detecci\u00f3 i control.","robots":{"index":"index","follow":"follow","max-snippet":"max-snippet:-1","max-image-preview":"max-image-preview:large","max-video-preview":"max-video-preview:-1"},"canonical":"https:\/\/www.pretaportercasas.com\/ca\/gas-rado-proteccio-llars-pret-a-porter-cases\/","og_locale":"ca_ES","og_type":"article","og_title":"Protecci\u00f3 contra el gas rad\u00f3 en habitatges | pr\u00eat-\u00e0-porter cases Pr\u00eat-\u00e0-porter casas","og_description":"Viure segur \u00e9s viure tranquil. A pr\u00eat-\u00e0-porter cases protegim la teva llar davant el gas rad\u00f3 amb campanyes anuals de detecci\u00f3 i control.","og_url":"https:\/\/www.pretaportercasas.com\/ca\/gas-rado-proteccio-llars-pret-a-porter-cases\/","og_site_name":"Pr\u00eat-\u00e0-porter casas","article_published_time":"2024-11-15T12:35:34+00:00","article_modified_time":"2025-09-17T15:11:06+00:00","og_image":[{"width":1024,"height":683,"url":"https:\/\/www.pretaportercasas.com\/wp-content\/uploads\/2024\/11\/Casa-Farigola-_-Rubi-33-1024x683.jpg","type":"image\/jpeg"}],"author":"Mariona Godino","twitter_card":"summary_large_image","twitter_misc":{"Escrit per":"Mariona Godino","Temps estimat de lectura":"2 minuts"},"schema":{"@context":"https:\/\/schema.org","@graph":[{"@type":"Article","@id":"https:\/\/www.pretaportercasas.com\/ca\/gas-rado-proteccio-llars-pret-a-porter-cases\/#article","isPartOf":{"@id":"https:\/\/www.pretaportercasas.com\/ca\/gas-rado-proteccio-llars-pret-a-porter-cases\/"},"author":{"name":"Mariona Godino","@id":"https:\/\/www.pretaportercasas.com\/ca\/#\/schema\/person\/c5d26e4eae65a76a8e6e75bfd9075282"},"headline":"Protegir les nostres llars del Gas Rad\u00f3: Un comprom\u00eds de Pr\u00eat-a-porter cases","datePublished":"2024-11-15T12:35:34+00:00","dateModified":"2025-09-17T15:11:06+00:00","mainEntityOfPage":{"@id":"https:\/\/www.pretaportercasas.com\/ca\/gas-rado-proteccio-llars-pret-a-porter-cases\/"},"wordCount":490,"image":{"@id":"https:\/\/www.pretaportercasas.com\/ca\/gas-rado-proteccio-llars-pret-a-porter-cases\/#primaryimage"},"thumbnailUrl":"https:\/\/www.pretaportercasas.com\/wp-content\/uploads\/2024\/11\/Casa-Farigola-_-Rubi-33.jpg","articleSection":["Not\u00edcies"],"inLanguage":"ca"},{"@type":"WebPage","@id":"https:\/\/www.pretaportercasas.com\/ca\/gas-rado-proteccio-llars-pret-a-porter-cases\/","url":"https:\/\/www.pretaportercasas.com\/ca\/gas-rado-proteccio-llars-pret-a-porter-cases\/","name":"Protecci\u00f3 contra el gas rad\u00f3 en habitatges | pr\u00eat-\u00e0-porter cases Pr\u00eat-\u00e0-porter casas","isPartOf":{"@id":"https:\/\/www.pretaportercasas.com\/ca\/#website"},"primaryImageOfPage":{"@id":"https:\/\/www.pretaportercasas.com\/ca\/gas-rado-proteccio-llars-pret-a-porter-cases\/#primaryimage"},"image":{"@id":"https:\/\/www.pretaportercasas.com\/ca\/gas-rado-proteccio-llars-pret-a-porter-cases\/#primaryimage"},"thumbnailUrl":"https:\/\/www.pretaportercasas.com\/wp-content\/uploads\/2024\/11\/Casa-Farigola-_-Rubi-33.jpg","datePublished":"2024-11-15T12:35:34+00:00","dateModified":"2025-09-17T15:11:06+00:00","author":{"@id":"https:\/\/www.pretaportercasas.com\/ca\/#\/schema\/person\/c5d26e4eae65a76a8e6e75bfd9075282"},"description":"Viure segur \u00e9s viure tranquil. A pr\u00eat-\u00e0-porter cases protegim la teva llar davant el gas rad\u00f3 amb campanyes anuals de detecci\u00f3 i control.","breadcrumb":{"@id":"https:\/\/www.pretaportercasas.com\/ca\/gas-rado-proteccio-llars-pret-a-porter-cases\/#breadcrumb"},"inLanguage":"ca","potentialAction":[{"@type":"ReadAction","target":["https:\/\/www.pretaportercasas.com\/ca\/gas-rado-proteccio-llars-pret-a-porter-cases\/"]}]},{"@type":"ImageObject","inLanguage":"ca","@id":"https:\/\/www.pretaportercasas.com\/ca\/gas-rado-proteccio-llars-pret-a-porter-cases\/#primaryimage","url":"https:\/\/www.pretaportercasas.com\/wp-content\/uploads\/2024\/11\/Casa-Farigola-_-Rubi-33.jpg","contentUrl":"https:\/\/www.pretaportercasas.com\/wp-content\/uploads\/2024\/11\/Casa-Farigola-_-Rubi-33.jpg","width":4500,"height":3000},{"@type":"BreadcrumbList","@id":"https:\/\/www.pretaportercasas.com\/ca\/gas-rado-proteccio-llars-pret-a-porter-cases\/#breadcrumb","itemListElement":[{"@type":"ListItem","position":1,"name":"Portada","item":"https:\/\/www.pretaportercasas.com\/ca\/"},{"@type":"ListItem","position":2,"name":"Protegir les nostres llars del Gas Rad\u00f3: Un comprom\u00eds de Pr\u00eat-a-porter cases"}]},{"@type":"WebSite","@id":"https:\/\/www.pretaportercasas.com\/ca\/#website","url":"https:\/\/www.pretaportercasas.com\/ca\/","name":"Pr\u00eat-\u00e0-porter casas","description":"","potentialAction":[{"@type":"SearchAction","target":{"@type":"EntryPoint","urlTemplate":"https:\/\/www.pretaportercasas.com\/ca\/?s={search_term_string}"},"query-input":{"@type":"PropertyValueSpecification","valueRequired":true,"valueName":"search_term_string"}}],"inLanguage":"ca"},{"@type":"Person","@id":"https:\/\/www.pretaportercasas.com\/ca\/#\/schema\/person\/c5d26e4eae65a76a8e6e75bfd9075282","name":"Mariona Godino","image":{"@type":"ImageObject","inLanguage":"ca","@id":"https:\/\/secure.gravatar.com\/avatar\/136d5930b27561cc89c6ceac4ec72f3267d82a8c1c4d6af41ed6929aec3eef08?s=96&d=mm&r=g","url":"https:\/\/secure.gravatar.com\/avatar\/136d5930b27561cc89c6ceac4ec72f3267d82a8c1c4d6af41ed6929aec3eef08?s=96&d=mm&r=g","contentUrl":"https:\/\/secure.gravatar.com\/avatar\/136d5930b27561cc89c6ceac4ec72f3267d82a8c1c4d6af41ed6929aec3eef08?s=96&d=mm&r=g","caption":"Mariona Godino"},"url":"https:\/\/www.pretaportercasas.com\/ca\/author\/mariona-godinopmp-pretaporter-com\/"}]}},"_links":{"self":[{"href":"https:\/\/www.pretaportercasas.com\/ca\/wp-json\/wp\/v2\/posts\/11665","targetHints":{"allow":["GET"]}}],"collection":[{"href":"https:\/\/www.pretaportercasas.com\/ca\/wp-json\/wp\/v2\/posts"}],"about":[{"href":"https:\/\/www.pretaportercasas.com\/ca\/wp-json\/wp\/v2\/types\/post"}],"author":[{"embeddable":true,"href":"https:\/\/www.pretaportercasas.com\/ca\/wp-json\/wp\/v2\/users\/2"}],"replies":[{"embeddable":true,"href":"https:\/\/www.pretaportercasas.com\/ca\/wp-json\/wp\/v2\/comments?post=11665"}],"version-history":[{"count":13,"href":"https:\/\/www.pretaportercasas.com\/ca\/wp-json\/wp\/v2\/posts\/11665\/revisions"}],"predecessor-version":[{"id":19857,"href":"https:\/\/www.pretaportercasas.com\/ca\/wp-json\/wp\/v2\/posts\/11665\/revisions\/19857"}],"wp:featuredmedia":[{"embeddable":true,"href":"https:\/\/www.pretaportercasas.com\/ca\/wp-json\/wp\/v2\/media\/11683"}],"wp:attachment":[{"href":"https:\/\/www.pretaportercasas.com\/ca\/wp-json\/wp\/v2\/media?parent=11665"}],"wp:term":[{"taxonomy":"category","embeddable":true,"href":"https:\/\/www.pretaportercasas.com\/ca\/wp-json\/wp\/v2\/categories?post=11665"},{"taxonomy":"post_tag","embeddable":true,"href":"https:\/\/www.pretaportercasas.com\/ca\/wp-json\/wp\/v2\/tags?post=11665"}],"curies":[{"name":"wp","href":"https:\/\/api.w.org\/{rel}","templated":true}]}}