{"id":17735,"date":"2025-07-15T16:58:14","date_gmt":"2025-07-15T14:58:14","guid":{"rendered":"https:\/\/www.pretaportercasas.com\/?p=17735"},"modified":"2025-07-22T10:15:26","modified_gmt":"2025-07-22T08:15:26","slug":"gruppmp-miurapartners","status":"publish","type":"post","link":"https:\/\/www.pretaportercasas.com\/ca\/gruppmp-miurapartners\/","title":{"rendered":"Nova etapa per GRUP PMP amb Miura Partners"},"content":{"rendered":"[vc_row type=&#8221;in_container&#8221; full_screen_row_position=&#8221;middle&#8221; column_margin=&#8221;default&#8221; equal_height=&#8221;yes&#8221; content_placement=&#8221;middle&#8221; column_direction=&#8221;default&#8221; column_direction_tablet=&#8221;default&#8221; column_direction_phone=&#8221;default&#8221; scene_position=&#8221;center&#8221; text_color=&#8221;dark&#8221; text_align=&#8221;left&#8221; row_border_radius=&#8221;none&#8221; row_border_radius_applies=&#8221;bg&#8221; overflow=&#8221;visible&#8221; overlay_strength=&#8221;0.3&#8243; gradient_direction=&#8221;left_to_right&#8221; shape_divider_position=&#8221;bottom&#8221; bg_image_animation=&#8221;none&#8221; gradient_type=&#8221;default&#8221; shape_type=&#8221;&#8221;][vc_column column_padding=&#8221;no-extra-padding&#8221; column_padding_tablet=&#8221;inherit&#8221; column_padding_phone=&#8221;inherit&#8221; column_padding_position=&#8221;all&#8221; column_element_direction_desktop=&#8221;default&#8221; column_element_spacing=&#8221;default&#8221; desktop_text_alignment=&#8221;default&#8221; tablet_text_alignment=&#8221;default&#8221; phone_text_alignment=&#8221;default&#8221; background_color_opacity=&#8221;1&#8243; background_hover_color_opacity=&#8221;1&#8243; column_backdrop_filter=&#8221;none&#8221; column_shadow=&#8221;none&#8221; column_border_radius=&#8221;none&#8221; column_link_target=&#8221;_self&#8221; column_position=&#8221;default&#8221; gradient_direction=&#8221;left_to_right&#8221; overlay_strength=&#8221;0.3&#8243; width=&#8221;1\/1&#8243; tablet_width_inherit=&#8221;default&#8221; animation_type=&#8221;default&#8221; bg_image_animation=&#8221;none&#8221; border_type=&#8221;simple&#8221; column_border_width=&#8221;none&#8221; column_border_style=&#8221;solid&#8221;][vc_column_text]\n<div class=\"wpb_text_column wpb_content_element vc_custom_1683878584795\">\n<div class=\"wpb_wrapper\">\n<h2 data-start=\"152\" data-end=\"199\">Nova etapa per GRUP PMP amb Miura Partners<\/h2>\n<\/div>\n<\/div>\n[\/vc_column_text][vc_column_text el_class=&#8221;ff-clash-display&#8221;]\n<p data-start=\"177\" data-end=\"523\">A GRUP PMP iniciem nova etapa de la m\u00e0 de <a class=\"kSBUiJRrsOOWKMOBBAaRdPUuGpbtisnNvRqrs \" tabindex=\"0\" href=\"https:\/\/www.miura.partners\/\" target=\"_blank\" rel=\"noopener\" data-test-app-aware-link=\"\">Miura Partners<\/a> com a nou soci. Un pas estrat\u00e8gic que ens permet <strong data-start=\"303\" data-end=\"343\">impulsar el nostre pla de creixement<\/strong>, <strong data-start=\"345\" data-end=\"419\">enfortir la nostra posici\u00f3 en el sector de l\u2019habitatge industrialitzat<\/strong> i <strong data-start=\"422\" data-end=\"472\">consolidar-nos com a referent a nivell estatal<\/strong> en solucions residencials sostenibles i eficients.<\/p>\n<p data-start=\"525\" data-end=\"787\">Amb m\u00e9s de 500 habitatges lliurats i una estructura industrial pr\u00f2pia, apostem per un model constructiu clau en m\u00e0, personalitzat, eficient i respectu\u00f3s amb el territori. Aquesta nova alian\u00e7a ens dona l\u2019impuls per seguir transformant la manera com es construeix.<\/p>\n<p data-start=\"789\" data-end=\"1044\">\ud83d\udd17 Consulta la not\u00edcia completa publicada per Miura Partners:<br data-start=\"850\" data-end=\"853\" \/><a class=\"\" href=\"https:\/\/www.miura.partners\/sin-categorizar\/grup-pmp-incorpora-a-miura-partners-en-su-accionariado-para-impulsar-su-crecimiento\/\" target=\"_blank\" rel=\"noopener\" data-start=\"856\" data-end=\"1044\">Grup PMP incorpora a Miura Partners en el seu accionariat<\/a><\/p>\n[\/vc_column_text][\/vc_column][\/vc_row][vc_row type=&#8221;in_container&#8221; full_screen_row_position=&#8221;middle&#8221; column_margin=&#8221;default&#8221; equal_height=&#8221;yes&#8221; content_placement=&#8221;middle&#8221; column_direction=&#8221;default&#8221; column_direction_tablet=&#8221;default&#8221; column_direction_phone=&#8221;default&#8221; scene_position=&#8221;center&#8221; text_color=&#8221;dark&#8221; text_align=&#8221;left&#8221; row_border_radius=&#8221;none&#8221; row_border_radius_applies=&#8221;bg&#8221; overflow=&#8221;visible&#8221; disable_element=&#8221;yes&#8221; overlay_strength=&#8221;0.3&#8243; gradient_direction=&#8221;left_to_right&#8221; shape_divider_position=&#8221;bottom&#8221; bg_image_animation=&#8221;none&#8221; gradient_type=&#8221;default&#8221; shape_type=&#8221;&#8221;][vc_column column_padding=&#8221;no-extra-padding&#8221; column_padding_tablet=&#8221;inherit&#8221; column_padding_phone=&#8221;inherit&#8221; column_padding_position=&#8221;all&#8221; column_element_direction_desktop=&#8221;default&#8221; column_element_spacing=&#8221;default&#8221; desktop_text_alignment=&#8221;default&#8221; tablet_text_alignment=&#8221;default&#8221; phone_text_alignment=&#8221;default&#8221; background_color_opacity=&#8221;1&#8243; background_hover_color_opacity=&#8221;1&#8243; column_backdrop_filter=&#8221;none&#8221; column_shadow=&#8221;none&#8221; column_border_radius=&#8221;none&#8221; column_link_target=&#8221;_self&#8221; column_position=&#8221;default&#8221; gradient_direction=&#8221;left_to_right&#8221; overlay_strength=&#8221;0.3&#8243; width=&#8221;1\/1&#8243; tablet_width_inherit=&#8221;default&#8221; animation_type=&#8221;default&#8221; bg_image_animation=&#8221;none&#8221; border_type=&#8221;simple&#8221; column_border_width=&#8221;none&#8221; column_border_style=&#8221;solid&#8221;][vc_column_text]\n<div class=\"wpb_text_column wpb_content_element vc_custom_1683878584795\">\n<div class=\"wpb_wrapper\">\n<h2 data-pm-slice=\"1 1 []\">Atracci\u00f3n de Talento al Sector de la Construcci\u00f3n: Retos y Soluciones<\/h2>\n<\/div>\n<\/div>\n[\/vc_column_text][vc_column_text el_class=&#8221;ff-clash-display&#8221;]\n<article class=\"w-full text-token-text-primary\" dir=\"auto\" data-testid=\"conversation-turn-8\" data-scroll-anchor=\"true\">\n<div class=\"text-base my-auto mx-auto py-5 px-6\">\n<div class=\"mx-auto flex flex-1 text-base gap-4 md:gap-5 lg:gap-6 md:max-w-3xl lg:max-w-[40rem] xl:max-w-[48rem] group\/turn-messages focus-visible:outline-none\" tabindex=\"-1\">\n<div class=\"group\/conversation-turn relative flex w-full min-w-0 flex-col agent-turn @xs\/thread:px-0 @sm\/thread:px-1.5 @md\/thread:px-4\">\n<div class=\"relative flex-col gap-1 md:gap-3\">\n<div class=\"flex max-w-full flex-col flex-grow\">\n<div class=\"min-h-8 text-message relative flex w-full flex-col items-end gap-2 whitespace-normal break-words text-start [.text-message+&amp;]:mt-5\" dir=\"auto\" data-message-author-role=\"assistant\" data-message-id=\"ac8ea8c6-5f21-4bf6-afdf-958e5c5a09c3\" data-message-model-slug=\"gpt-4o-mini\">\n<div class=\"flex w-full flex-col gap-1 empty:hidden first:pt-[3px]\">\n<div class=\"markdown prose w-full break-words dark:prose-invert light\">\n<p><span style=\"color: #000000;\">El pasado 3 de abril, <strong>Marc Fantova<\/strong>, <strong>Director de Obras de<\/strong> <a style=\"color: #000000;\" href=\"https:\/\/www.pretaportercasas.com\/ca\/\" target=\"_blank\" rel=\"noopener\"><strong>Grup PMP<\/strong><\/a>, particip\u00f3 en la jornada &#8220;<strong>Atracci\u00f3n de Talento al Sector de la Construcci\u00f3n: Retos y Soluciones<\/strong>&#8220;, organizada por\u00a0<a style=\"color: #000000;\" href=\"https:\/\/construeixelfutur.cat\/es\/\" target=\"_blank\" rel=\"noopener\"><strong>construeixelfutur.cat<\/strong><\/a><\/span><\/p>\n<\/div>\n<p><span style=\"color: #000000;\">Durante la jornada, profesionales analizaron los principales retos que enfrenta el sector, como el sesgo masculino, el envejecimiento de las plantillas y la falta de profesionales formados. Para abordarlos, propusieron soluciones como la conciliaci\u00f3n laboral y personal, la flexibilidad laboral, las pr\u00e1cticas remuneradas y la apuesta por la construcci\u00f3n industrializada.<\/span><\/p>\n<p><span style=\"color: #000000;\">La jornada se estructur\u00f3 en tres bloques clave:<\/span><\/p>\n<ol>\n<li><span style=\"color: #000000;\"><strong>Situaci\u00f3n actual y perspectivas de futuro:<\/strong> Se destac\u00f3 la falta de relevo generacional y la creciente demanda de profesionales formados en el sector. Se subray\u00f3 la necesidad de m\u00e1s oferta formativa y la creaci\u00f3n de colaboraciones con centros educativos para captar talento joven y prepararlo para las demandas del sector.<\/span><\/li>\n<li><strong style=\"color: #000000;\">Mirada transversal de sectores afectados por la falta de mano de obra:<\/strong><span style=\"color: #000000;\"> Expertos de otros sectores como el asistencial, industrial y agrario compartieron sus experiencias, evidenciando que la falta de profesionales no es un problema exclusivo de la construcci\u00f3n, pero que las soluciones pueden ser similares, como la formaci\u00f3n continua y la captaci\u00f3n de talento diverso.<\/span><\/li>\n<li><strong style=\"color: #000000;\">Soluciones para atraer nuevo talento:<\/strong><span style=\"color: #000000;\"> Se reflexion\u00f3 sobre la importancia de modernizar la imagen del sector, mejorar la comunicaci\u00f3n y adaptarse a los valores de las nuevas generaciones. La conciliaci\u00f3n, la flexibilidad laboral y las pr\u00e1cticas remuneradas se identificaron como medidas clave para hacer la profesi\u00f3n m\u00e1s atractiva y competitiva.<\/span><\/li>\n<\/ol>\n<p><span style=\"color: #000000;\">Las conclusiones destacadas fueron que las 24.000 empresas del sector de la construcci\u00f3n enfrentan dificultades importantes: el sesgo masculino, el envejecimiento de la plantilla y la falta de formaci\u00f3n digital. Para solucionarlo, se ha apostado por una oferta laboral m\u00e1s flexible, formaci\u00f3n continua y mejoras en las condiciones laborales que respondan a las necesidades de las nuevas generaciones.<\/span><\/p>\n<p><span style=\"color: #000000;\">\u00a1Gracias por esta oportunidad!<\/span><\/p>\n<\/div>\n<\/div>\n<\/div>\n<\/div>\n<\/div>\n<\/div>\n<\/div>\n<\/article>\n[\/vc_column_text][\/vc_column][\/vc_row]\n","protected":false},"excerpt":{"rendered":"<p>A GRUP PMP iniciem nova etapa de la m\u00e0 de Miura Partners com a nou soci.<\/p>\n","protected":false},"author":2,"featured_media":17731,"comment_status":"closed","ping_status":"closed","sticky":false,"template":"","format":"standard","meta":{"_acf_changed":false,"footnotes":"","_wp_rev_ctl_limit":""},"categories":[54,53],"tags":[],"class_list":{"0":"post-17735","1":"post","2":"type-post","3":"status-publish","4":"format-standard","5":"has-post-thumbnail","7":"category-construccio-ca","8":"category-noticies-ca"},"acf":[],"yoast_head":"<!-- This site is optimized with the Yoast SEO plugin v27.3 - https:\/\/yoast.com\/product\/yoast-seo-wordpress\/ -->\n<title>Atracci\u00f3n de Talento al Sector de la Construcci\u00f3n - Pr\u00eat-\u00e0-porter casas<\/title>\n<meta name=\"description\" content=\"A GRUP PMP iniciem nova etapa de la m\u00e0 de Miura Partners com a nou soci.\" \/>\n<meta name=\"robots\" content=\"index, follow, max-snippet:-1, max-image-preview:large, max-video-preview:-1\" \/>\n<link rel=\"canonical\" href=\"https:\/\/www.pretaportercasas.com\/ca\/gruppmp-miurapartners\/\" \/>\n<meta property=\"og:locale\" content=\"ca_ES\" \/>\n<meta property=\"og:type\" content=\"article\" \/>\n<meta property=\"og:title\" content=\"Atracci\u00f3n de Talento al Sector de la Construcci\u00f3n - Pr\u00eat-\u00e0-porter casas\" \/>\n<meta property=\"og:description\" content=\"A GRUP PMP iniciem nova etapa de la m\u00e0 de Miura Partners com a nou soci.\" \/>\n<meta property=\"og:url\" content=\"https:\/\/www.pretaportercasas.com\/ca\/gruppmp-miurapartners\/\" \/>\n<meta property=\"og:site_name\" content=\"Pr\u00eat-\u00e0-porter casas\" \/>\n<meta property=\"article:published_time\" content=\"2025-07-15T14:58:14+00:00\" \/>\n<meta property=\"article:modified_time\" content=\"2025-07-22T08:15:26+00:00\" \/>\n<meta property=\"og:image\" content=\"https:\/\/www.pretaportercasas.com\/wp-content\/uploads\/2025\/07\/MP-Banner-noticias-web-5120x2560-1-1024x512.jpg\" \/>\n\t<meta property=\"og:image:width\" content=\"1024\" \/>\n\t<meta property=\"og:image:height\" content=\"512\" \/>\n\t<meta property=\"og:image:type\" content=\"image\/jpeg\" \/>\n<meta name=\"author\" content=\"Mariona Godino\" \/>\n<meta name=\"twitter:card\" content=\"summary_large_image\" \/>\n<meta name=\"twitter:label1\" content=\"Escrit per\" \/>\n\t<meta name=\"twitter:data1\" content=\"Mariona Godino\" \/>\n\t<meta name=\"twitter:label2\" content=\"Temps estimat de lectura\" \/>\n\t<meta name=\"twitter:data2\" content=\"3 minuts\" \/>\n<script type=\"application\/ld+json\" class=\"yoast-schema-graph\">{\"@context\":\"https:\\\/\\\/schema.org\",\"@graph\":[{\"@type\":\"Article\",\"@id\":\"https:\\\/\\\/www.pretaportercasas.com\\\/ca\\\/gruppmp-miurapartners\\\/#article\",\"isPartOf\":{\"@id\":\"https:\\\/\\\/www.pretaportercasas.com\\\/ca\\\/gruppmp-miurapartners\\\/\"},\"author\":{\"name\":\"Mariona Godino\",\"@id\":\"https:\\\/\\\/www.pretaportercasas.com\\\/ca\\\/#\\\/schema\\\/person\\\/c5d26e4eae65a76a8e6e75bfd9075282\"},\"headline\":\"Nova etapa per GRUP PMP amb Miura Partners\",\"datePublished\":\"2025-07-15T14:58:14+00:00\",\"dateModified\":\"2025-07-22T08:15:26+00:00\",\"mainEntityOfPage\":{\"@id\":\"https:\\\/\\\/www.pretaportercasas.com\\\/ca\\\/gruppmp-miurapartners\\\/\"},\"wordCount\":839,\"image\":{\"@id\":\"https:\\\/\\\/www.pretaportercasas.com\\\/ca\\\/gruppmp-miurapartners\\\/#primaryimage\"},\"thumbnailUrl\":\"https:\\\/\\\/www.pretaportercasas.com\\\/wp-content\\\/uploads\\\/2025\\\/07\\\/MP-Banner-noticias-web-5120x2560-1.jpg\",\"articleSection\":[\"Construcci\u00f3\",\"Not\u00edcies\"],\"inLanguage\":\"ca\"},{\"@type\":\"WebPage\",\"@id\":\"https:\\\/\\\/www.pretaportercasas.com\\\/ca\\\/gruppmp-miurapartners\\\/\",\"url\":\"https:\\\/\\\/www.pretaportercasas.com\\\/ca\\\/gruppmp-miurapartners\\\/\",\"name\":\"Atracci\u00f3n de Talento al Sector de la Construcci\u00f3n - Pr\u00eat-\u00e0-porter casas\",\"isPartOf\":{\"@id\":\"https:\\\/\\\/www.pretaportercasas.com\\\/ca\\\/#website\"},\"primaryImageOfPage\":{\"@id\":\"https:\\\/\\\/www.pretaportercasas.com\\\/ca\\\/gruppmp-miurapartners\\\/#primaryimage\"},\"image\":{\"@id\":\"https:\\\/\\\/www.pretaportercasas.com\\\/ca\\\/gruppmp-miurapartners\\\/#primaryimage\"},\"thumbnailUrl\":\"https:\\\/\\\/www.pretaportercasas.com\\\/wp-content\\\/uploads\\\/2025\\\/07\\\/MP-Banner-noticias-web-5120x2560-1.jpg\",\"datePublished\":\"2025-07-15T14:58:14+00:00\",\"dateModified\":\"2025-07-22T08:15:26+00:00\",\"author\":{\"@id\":\"https:\\\/\\\/www.pretaportercasas.com\\\/ca\\\/#\\\/schema\\\/person\\\/c5d26e4eae65a76a8e6e75bfd9075282\"},\"description\":\"A GRUP PMP iniciem nova etapa de la m\u00e0 de Miura Partners com a nou soci.\",\"breadcrumb\":{\"@id\":\"https:\\\/\\\/www.pretaportercasas.com\\\/ca\\\/gruppmp-miurapartners\\\/#breadcrumb\"},\"inLanguage\":\"ca\",\"potentialAction\":[{\"@type\":\"ReadAction\",\"target\":[\"https:\\\/\\\/www.pretaportercasas.com\\\/ca\\\/gruppmp-miurapartners\\\/\"]}]},{\"@type\":\"ImageObject\",\"inLanguage\":\"ca\",\"@id\":\"https:\\\/\\\/www.pretaportercasas.com\\\/ca\\\/gruppmp-miurapartners\\\/#primaryimage\",\"url\":\"https:\\\/\\\/www.pretaportercasas.com\\\/wp-content\\\/uploads\\\/2025\\\/07\\\/MP-Banner-noticias-web-5120x2560-1.jpg\",\"contentUrl\":\"https:\\\/\\\/www.pretaportercasas.com\\\/wp-content\\\/uploads\\\/2025\\\/07\\\/MP-Banner-noticias-web-5120x2560-1.jpg\",\"width\":5120,\"height\":2560},{\"@type\":\"BreadcrumbList\",\"@id\":\"https:\\\/\\\/www.pretaportercasas.com\\\/ca\\\/gruppmp-miurapartners\\\/#breadcrumb\",\"itemListElement\":[{\"@type\":\"ListItem\",\"position\":1,\"name\":\"Portada\",\"item\":\"https:\\\/\\\/www.pretaportercasas.com\\\/ca\\\/\"},{\"@type\":\"ListItem\",\"position\":2,\"name\":\"Nova etapa per GRUP PMP amb Miura Partners\"}]},{\"@type\":\"WebSite\",\"@id\":\"https:\\\/\\\/www.pretaportercasas.com\\\/ca\\\/#website\",\"url\":\"https:\\\/\\\/www.pretaportercasas.com\\\/ca\\\/\",\"name\":\"Pr\u00eat-\u00e0-porter casas\",\"description\":\"\",\"potentialAction\":[{\"@type\":\"SearchAction\",\"target\":{\"@type\":\"EntryPoint\",\"urlTemplate\":\"https:\\\/\\\/www.pretaportercasas.com\\\/ca\\\/?s={search_term_string}\"},\"query-input\":{\"@type\":\"PropertyValueSpecification\",\"valueRequired\":true,\"valueName\":\"search_term_string\"}}],\"inLanguage\":\"ca\"},{\"@type\":\"Person\",\"@id\":\"https:\\\/\\\/www.pretaportercasas.com\\\/ca\\\/#\\\/schema\\\/person\\\/c5d26e4eae65a76a8e6e75bfd9075282\",\"name\":\"Mariona Godino\",\"image\":{\"@type\":\"ImageObject\",\"inLanguage\":\"ca\",\"@id\":\"https:\\\/\\\/secure.gravatar.com\\\/avatar\\\/136d5930b27561cc89c6ceac4ec72f3267d82a8c1c4d6af41ed6929aec3eef08?s=96&d=mm&r=g\",\"url\":\"https:\\\/\\\/secure.gravatar.com\\\/avatar\\\/136d5930b27561cc89c6ceac4ec72f3267d82a8c1c4d6af41ed6929aec3eef08?s=96&d=mm&r=g\",\"contentUrl\":\"https:\\\/\\\/secure.gravatar.com\\\/avatar\\\/136d5930b27561cc89c6ceac4ec72f3267d82a8c1c4d6af41ed6929aec3eef08?s=96&d=mm&r=g\",\"caption\":\"Mariona Godino\"},\"url\":\"https:\\\/\\\/www.pretaportercasas.com\\\/ca\\\/author\\\/mariona-godinopmp-pretaporter-com\\\/\"}]}<\/script>\n<!-- \/ Yoast SEO plugin. -->","yoast_head_json":{"title":"Atracci\u00f3n de Talento al Sector de la Construcci\u00f3n - Pr\u00eat-\u00e0-porter casas","description":"A GRUP PMP iniciem nova etapa de la m\u00e0 de Miura Partners com a nou soci.","robots":{"index":"index","follow":"follow","max-snippet":"max-snippet:-1","max-image-preview":"max-image-preview:large","max-video-preview":"max-video-preview:-1"},"canonical":"https:\/\/www.pretaportercasas.com\/ca\/gruppmp-miurapartners\/","og_locale":"ca_ES","og_type":"article","og_title":"Atracci\u00f3n de Talento al Sector de la Construcci\u00f3n - Pr\u00eat-\u00e0-porter casas","og_description":"A GRUP PMP iniciem nova etapa de la m\u00e0 de Miura Partners com a nou soci.","og_url":"https:\/\/www.pretaportercasas.com\/ca\/gruppmp-miurapartners\/","og_site_name":"Pr\u00eat-\u00e0-porter casas","article_published_time":"2025-07-15T14:58:14+00:00","article_modified_time":"2025-07-22T08:15:26+00:00","og_image":[{"width":1024,"height":512,"url":"https:\/\/www.pretaportercasas.com\/wp-content\/uploads\/2025\/07\/MP-Banner-noticias-web-5120x2560-1-1024x512.jpg","type":"image\/jpeg"}],"author":"Mariona Godino","twitter_card":"summary_large_image","twitter_misc":{"Escrit per":"Mariona Godino","Temps estimat de lectura":"3 minuts"},"schema":{"@context":"https:\/\/schema.org","@graph":[{"@type":"Article","@id":"https:\/\/www.pretaportercasas.com\/ca\/gruppmp-miurapartners\/#article","isPartOf":{"@id":"https:\/\/www.pretaportercasas.com\/ca\/gruppmp-miurapartners\/"},"author":{"name":"Mariona Godino","@id":"https:\/\/www.pretaportercasas.com\/ca\/#\/schema\/person\/c5d26e4eae65a76a8e6e75bfd9075282"},"headline":"Nova etapa per GRUP PMP amb Miura Partners","datePublished":"2025-07-15T14:58:14+00:00","dateModified":"2025-07-22T08:15:26+00:00","mainEntityOfPage":{"@id":"https:\/\/www.pretaportercasas.com\/ca\/gruppmp-miurapartners\/"},"wordCount":839,"image":{"@id":"https:\/\/www.pretaportercasas.com\/ca\/gruppmp-miurapartners\/#primaryimage"},"thumbnailUrl":"https:\/\/www.pretaportercasas.com\/wp-content\/uploads\/2025\/07\/MP-Banner-noticias-web-5120x2560-1.jpg","articleSection":["Construcci\u00f3","Not\u00edcies"],"inLanguage":"ca"},{"@type":"WebPage","@id":"https:\/\/www.pretaportercasas.com\/ca\/gruppmp-miurapartners\/","url":"https:\/\/www.pretaportercasas.com\/ca\/gruppmp-miurapartners\/","name":"Atracci\u00f3n de Talento al Sector de la Construcci\u00f3n - Pr\u00eat-\u00e0-porter casas","isPartOf":{"@id":"https:\/\/www.pretaportercasas.com\/ca\/#website"},"primaryImageOfPage":{"@id":"https:\/\/www.pretaportercasas.com\/ca\/gruppmp-miurapartners\/#primaryimage"},"image":{"@id":"https:\/\/www.pretaportercasas.com\/ca\/gruppmp-miurapartners\/#primaryimage"},"thumbnailUrl":"https:\/\/www.pretaportercasas.com\/wp-content\/uploads\/2025\/07\/MP-Banner-noticias-web-5120x2560-1.jpg","datePublished":"2025-07-15T14:58:14+00:00","dateModified":"2025-07-22T08:15:26+00:00","author":{"@id":"https:\/\/www.pretaportercasas.com\/ca\/#\/schema\/person\/c5d26e4eae65a76a8e6e75bfd9075282"},"description":"A GRUP PMP iniciem nova etapa de la m\u00e0 de Miura Partners com a nou soci.","breadcrumb":{"@id":"https:\/\/www.pretaportercasas.com\/ca\/gruppmp-miurapartners\/#breadcrumb"},"inLanguage":"ca","potentialAction":[{"@type":"ReadAction","target":["https:\/\/www.pretaportercasas.com\/ca\/gruppmp-miurapartners\/"]}]},{"@type":"ImageObject","inLanguage":"ca","@id":"https:\/\/www.pretaportercasas.com\/ca\/gruppmp-miurapartners\/#primaryimage","url":"https:\/\/www.pretaportercasas.com\/wp-content\/uploads\/2025\/07\/MP-Banner-noticias-web-5120x2560-1.jpg","contentUrl":"https:\/\/www.pretaportercasas.com\/wp-content\/uploads\/2025\/07\/MP-Banner-noticias-web-5120x2560-1.jpg","width":5120,"height":2560},{"@type":"BreadcrumbList","@id":"https:\/\/www.pretaportercasas.com\/ca\/gruppmp-miurapartners\/#breadcrumb","itemListElement":[{"@type":"ListItem","position":1,"name":"Portada","item":"https:\/\/www.pretaportercasas.com\/ca\/"},{"@type":"ListItem","position":2,"name":"Nova etapa per GRUP PMP amb Miura Partners"}]},{"@type":"WebSite","@id":"https:\/\/www.pretaportercasas.com\/ca\/#website","url":"https:\/\/www.pretaportercasas.com\/ca\/","name":"Pr\u00eat-\u00e0-porter casas","description":"","potentialAction":[{"@type":"SearchAction","target":{"@type":"EntryPoint","urlTemplate":"https:\/\/www.pretaportercasas.com\/ca\/?s={search_term_string}"},"query-input":{"@type":"PropertyValueSpecification","valueRequired":true,"valueName":"search_term_string"}}],"inLanguage":"ca"},{"@type":"Person","@id":"https:\/\/www.pretaportercasas.com\/ca\/#\/schema\/person\/c5d26e4eae65a76a8e6e75bfd9075282","name":"Mariona Godino","image":{"@type":"ImageObject","inLanguage":"ca","@id":"https:\/\/secure.gravatar.com\/avatar\/136d5930b27561cc89c6ceac4ec72f3267d82a8c1c4d6af41ed6929aec3eef08?s=96&d=mm&r=g","url":"https:\/\/secure.gravatar.com\/avatar\/136d5930b27561cc89c6ceac4ec72f3267d82a8c1c4d6af41ed6929aec3eef08?s=96&d=mm&r=g","contentUrl":"https:\/\/secure.gravatar.com\/avatar\/136d5930b27561cc89c6ceac4ec72f3267d82a8c1c4d6af41ed6929aec3eef08?s=96&d=mm&r=g","caption":"Mariona Godino"},"url":"https:\/\/www.pretaportercasas.com\/ca\/author\/mariona-godinopmp-pretaporter-com\/"}]}},"_links":{"self":[{"href":"https:\/\/www.pretaportercasas.com\/ca\/wp-json\/wp\/v2\/posts\/17735","targetHints":{"allow":["GET"]}}],"collection":[{"href":"https:\/\/www.pretaportercasas.com\/ca\/wp-json\/wp\/v2\/posts"}],"about":[{"href":"https:\/\/www.pretaportercasas.com\/ca\/wp-json\/wp\/v2\/types\/post"}],"author":[{"embeddable":true,"href":"https:\/\/www.pretaportercasas.com\/ca\/wp-json\/wp\/v2\/users\/2"}],"replies":[{"embeddable":true,"href":"https:\/\/www.pretaportercasas.com\/ca\/wp-json\/wp\/v2\/comments?post=17735"}],"version-history":[{"count":5,"href":"https:\/\/www.pretaportercasas.com\/ca\/wp-json\/wp\/v2\/posts\/17735\/revisions"}],"predecessor-version":[{"id":18046,"href":"https:\/\/www.pretaportercasas.com\/ca\/wp-json\/wp\/v2\/posts\/17735\/revisions\/18046"}],"wp:featuredmedia":[{"embeddable":true,"href":"https:\/\/www.pretaportercasas.com\/ca\/wp-json\/wp\/v2\/media\/17731"}],"wp:attachment":[{"href":"https:\/\/www.pretaportercasas.com\/ca\/wp-json\/wp\/v2\/media?parent=17735"}],"wp:term":[{"taxonomy":"category","embeddable":true,"href":"https:\/\/www.pretaportercasas.com\/ca\/wp-json\/wp\/v2\/categories?post=17735"},{"taxonomy":"post_tag","embeddable":true,"href":"https:\/\/www.pretaportercasas.com\/ca\/wp-json\/wp\/v2\/tags?post=17735"}],"curies":[{"name":"wp","href":"https:\/\/api.w.org\/{rel}","templated":true}]}}